{"id":49,"date":"2025-06-14T21:59:35","date_gmt":"2025-06-14T19:59:35","guid":{"rendered":"https:\/\/purple-giraffe-590547.hostingersite.com\/?p=49"},"modified":"2025-06-15T02:42:23","modified_gmt":"2025-06-15T00:42:23","slug":"encuentro-intercultural-2025","status":"publish","type":"post","link":"https:\/\/cmaresistencia.edu.ar\/?p=49","title":{"rendered":"Encuentro Intercultural 2025"},"content":{"rendered":"\n<h2 class=\"wp-block-heading\">Encuentro Intercultural 2025<\/h2>\n\n\n\n<h5 class=\"wp-block-heading\">Del 2 al 6 de Junio se realiz\u00f3 el 9\u00b0 encuentro entre los 5tos a\u00f1os del Colegio Mar\u00eda Auxiliadora de Resistencia y la Escuela Cacique Francisco Supaz de Nueva Pompeya<\/h5>\n\n\n\n<div class=\"wp-block-media-text is-stacked-on-mobile is-image-fill-element\" style=\"grid-template-columns:49% auto\"><figure class=\"wp-block-media-text__media\"><a href=\"https:\/\/cmaresistencia.edu.ar\/wp-content\/uploads\/2025\/06\/IMG-20250605-WA0027-3.jpg\"><img fetchpriority=\"high\" decoding=\"async\" width=\"1024\" height=\"768\" src=\"https:\/\/cmaresistencia.edu.ar\/wp-content\/uploads\/2025\/06\/IMG-20250605-WA0027-3-1024x768.jpg\" alt=\"\" class=\"wp-image-70 size-full\" style=\"object-position:37% 53%\" srcset=\"https:\/\/cmaresistencia.edu.ar\/wp-content\/uploads\/2025\/06\/IMG-20250605-WA0027-3-1024x768.jpg 1024w, https:\/\/cmaresistencia.edu.ar\/wp-content\/uploads\/2025\/06\/IMG-20250605-WA0027-3-300x225.jpg 300w, https:\/\/cmaresistencia.edu.ar\/wp-content\/uploads\/2025\/06\/IMG-20250605-WA0027-3-768x576.jpg 768w, https:\/\/cmaresistencia.edu.ar\/wp-content\/uploads\/2025\/06\/IMG-20250605-WA0027-3-1536x1152.jpg 1536w, https:\/\/cmaresistencia.edu.ar\/wp-content\/uploads\/2025\/06\/IMG-20250605-WA0027-3.jpg 1600w\" sizes=\"(max-width: 1024px) 100vw, 1024px\" \/><\/a><\/figure><div class=\"wp-block-media-text__content\">\n<p style=\"font-size:13px\">La interculturalidad es una dimensi\u00f3n irrenunciable de la formaci\u00f3n en la ciudadan\u00eda e implica brindar a los estudiantes oportunidades para construir nuevas miradas acerca de \u201clos otros\u201d, derribar prejuicios, celebrar la experiencia del encuentro, disfrutar y ofrecer hospitalidad, compartir desde la propia identidad cultural y crecer en la vivencia de comunidad.<\/p>\n\n\n\n<p style=\"font-size:13px\">Durante esta primer etapa en Resistencia, estudiantes y  docentes compartieron recorridas y visitas a distintas instituciones y lugares de inter\u00e9s cultural ,  momentos de deporte y recreaci\u00f3n y la elaboraci\u00f3n de algunas comidas.<\/p>\n<\/div><\/div>\n\n\n\n<p><\/p>\n","protected":false},"excerpt":{"rendered":"<p>Encuentro Intercultural 2025 Del 2 al 6 de Junio se realiz\u00f3 el 9\u00b0 encuentro entre los 5tos a\u00f1os del Colegio [&hellip;]<\/p>\n","protected":false},"author":1,"featured_media":0,"comment_status":"closed","ping_status":"closed","sticky":false,"template":"elementor_theme","format":"standard","meta":{"site-sidebar-layout":"default","site-content-layout":"","ast-site-content-layout":"","site-content-style":"default","site-sidebar-style":"default","ast-global-header-display":"","ast-banner-title-visibility":"","ast-main-header-display":"","ast-hfb-above-header-display":"","ast-hfb-below-header-display":"","ast-hfb-mobile-header-display":"","site-post-title":"disabled","ast-breadcrumbs-content":"","ast-featured-img":"","footer-sml-layout":"","ast-disable-related-posts":"","theme-transparent-header-meta":"","adv-header-id-meta":"","stick-header-meta":"","header-above-stick-meta":"","header-main-stick-meta":"","header-below-stick-meta":"","astra-migrate-meta-layouts":"default","ast-page-background-enabled":"default","ast-page-background-meta":{"desktop":{"background-color":"var(--ast-global-color-5)","background-image":"","background-repeat":"repeat","background-position":"center center","background-size":"auto","background-attachment":"scroll","background-type":"","background-media":"","overlay-type":"","overlay-color":"","overlay-opacity":"","overlay-gradient":""},"tablet":{"background-color":"","background-image":"","background-repeat":"repeat","background-position":"center center","background-size":"auto","background-attachment":"scroll","background-type":"","background-media":"","overlay-type":"","overlay-color":"","overlay-opacity":"","overlay-gradient":""},"mobile":{"background-color":"","background-image":"","background-repeat":"repeat","background-position":"center center","background-size":"auto","background-attachment":"scroll","background-type":"","background-media":"","overlay-type":"","overlay-color":"","overlay-opacity":"","overlay-gradient":""}},"ast-content-background-meta":{"desktop":{"background-color":"var(--ast-global-color-4)","background-image":"","background-repeat":"repeat","background-position":"center center","background-size":"auto","background-attachment":"scroll","background-type":"","background-media":"","overlay-type":"","overlay-color":"","overlay-opacity":"","overlay-gradient":""},"tablet":{"background-color":"var(--ast-global-color-4)","background-image":"","background-repeat":"repeat","background-position":"center center","background-size":"auto","background-attachment":"scroll","background-type":"","background-media":"","overlay-type":"","overlay-color":"","overlay-opacity":"","overlay-gradient":""},"mobile":{"background-color":"var(--ast-global-color-4)","background-image":"","background-repeat":"repeat","background-position":"center center","background-size":"auto","background-attachment":"scroll","background-type":"","background-media":"","overlay-type":"","overlay-color":"","overlay-opacity":"","overlay-gradient":""}},"footnotes":""},"categories":[8],"tags":[13,14],"class_list":["post-49","post","type-post","status-publish","format-standard","hentry","category-proyectos-educativos","tag-nivel-secundario","tag-proyecto-intercultural"],"_links":{"self":[{"href":"https:\/\/cmaresistencia.edu.ar\/index.php?rest_route=\/wp\/v2\/posts\/49","targetHints":{"allow":["GET"]}}],"collection":[{"href":"https:\/\/cmaresistencia.edu.ar\/index.php?rest_route=\/wp\/v2\/posts"}],"about":[{"href":"https:\/\/cmaresistencia.edu.ar\/index.php?rest_route=\/wp\/v2\/types\/post"}],"author":[{"embeddable":true,"href":"https:\/\/cmaresistencia.edu.ar\/index.php?rest_route=\/wp\/v2\/users\/1"}],"replies":[{"embeddable":true,"href":"https:\/\/cmaresistencia.edu.ar\/index.php?rest_route=%2Fwp%2Fv2%2Fcomments&post=49"}],"version-history":[{"count":4,"href":"https:\/\/cmaresistencia.edu.ar\/index.php?rest_route=\/wp\/v2\/posts\/49\/revisions"}],"predecessor-version":[{"id":143,"href":"https:\/\/cmaresistencia.edu.ar\/index.php?rest_route=\/wp\/v2\/posts\/49\/revisions\/143"}],"wp:attachment":[{"href":"https:\/\/cmaresistencia.edu.ar\/index.php?rest_route=%2Fwp%2Fv2%2Fmedia&parent=49"}],"wp:term":[{"taxonomy":"category","embeddable":true,"href":"https:\/\/cmaresistencia.edu.ar\/index.php?rest_route=%2Fwp%2Fv2%2Fcategories&post=49"},{"taxonomy":"post_tag","embeddable":true,"href":"https:\/\/cmaresistencia.edu.ar\/index.php?rest_route=%2Fwp%2Fv2%2Ftags&post=49"}],"curies":[{"name":"wp","href":"https:\/\/api.w.org\/{rel}","templated":true}]}}